{"id":2220,"date":"2021-08-27T19:02:31","date_gmt":"2021-08-27T17:02:31","guid":{"rendered":"https:\/\/unterwegs-daheim.de\/wordpress\/?p=2220"},"modified":"2021-08-27T21:12:33","modified_gmt":"2021-08-27T19:12:33","slug":"28-juni-2021-bis-heute-neuburg-an-der-donau-familienangelegenheiten-ein-wasserschaden-im-kasten-ein-schaden-am-fahrwerk-ein-idyllischer-stellplatz-und-natuerlich-eine-weitere-haxe-und-neue-l-4","status":"publish","type":"post","link":"https:\/\/unterwegs-daheim.de\/wordpress\/2021\/08\/27\/28-juni-2021-bis-heute-neuburg-an-der-donau-familienangelegenheiten-ein-wasserschaden-im-kasten-ein-schaden-am-fahrwerk-ein-idyllischer-stellplatz-und-natuerlich-eine-weitere-haxe-und-neue-l-4\/","title":{"rendered":"28. bis 31. Juli 2021: Reste vom Bayerischen Wald (H\u00f6henangst auf dem Baumwipfelpfad), die Bastei im Elbsandsteingebirge und zur\u00fcck tief in den Westen (wo die Sonne versinkt)"},"content":{"rendered":"<div id=\"pl-2220\"  class=\"panel-layout\" ><div id=\"pg-2220-0\"  class=\"panel-grid panel-no-style\" ><div id=\"pgc-2220-0-0\"  class=\"panel-grid-cell\" ><div id=\"panel-2220-0-0-0\" class=\"so-panel widget widget_sow-image panel-first-child\" data-index=\"0\" ><div\n\t\t\t\n\t\t\tclass=\"so-widget-sow-image so-widget-sow-image-default-c67d20f9f743-2220\"\n\t\t\t\n\t\t>\n<div class=\"sow-image-container\">\n\t\t\t<a href=\"https:\/\/unterwegs-daheim.de\/wordpress\/wp-content\/uploads\/2021\/08\/210729Rathen2.jpg\"\n\t\t\ttarget=\"_blank\" rel=\"noopener noreferrer\" \t\t>\n\t\t\t<img \n\tsrc=\"https:\/\/unterwegs-daheim.de\/wordpress\/wp-content\/uploads\/2021\/08\/210729Rathen2-768x431.jpg\" width=\"750\" height=\"421\" srcset=\"https:\/\/unterwegs-daheim.de\/wordpress\/wp-content\/uploads\/2021\/08\/210729Rathen2-768x431.jpg 768w, https:\/\/unterwegs-daheim.de\/wordpress\/wp-content\/uploads\/2021\/08\/210729Rathen2-300x168.jpg 300w, https:\/\/unterwegs-daheim.de\/wordpress\/wp-content\/uploads\/2021\/08\/210729Rathen2-1024x574.jpg 1024w, https:\/\/unterwegs-daheim.de\/wordpress\/wp-content\/uploads\/2021\/08\/210729Rathen2-1536x861.jpg 1536w, https:\/\/unterwegs-daheim.de\/wordpress\/wp-content\/uploads\/2021\/08\/210729Rathen2-1568x879.jpg 1568w, https:\/\/unterwegs-daheim.de\/wordpress\/wp-content\/uploads\/2021\/08\/210729Rathen2.jpg 1662w\" sizes=\"(max-width: 750px) 100vw, 750px\" alt=\"\" \t\tclass=\"so-widget-image\"\/>\n\t\t\t<\/a><\/div>\n\n<\/div><\/div><div id=\"panel-2220-0-0-1\" class=\"so-panel widget widget_sow-editor panel-last-child\" data-index=\"1\" ><div\n\t\t\t\n\t\t\tclass=\"so-widget-sow-editor so-widget-sow-editor-base\"\n\t\t\t\n\t\t>\n<div class=\"siteorigin-widget-tinymce textwidget\">\n\t<p style=\"text-align: center; font-size: 18px;\">2021-07-29 - Rathen, Elbf\u00e4hre<\/p>\n<\/div>\n<\/div><\/div><\/div><\/div><div id=\"pg-2220-1\"  class=\"panel-grid panel-no-style\" ><div id=\"pgc-2220-1-0\"  class=\"panel-grid-cell\" ><div id=\"panel-2220-1-0-0\" class=\"so-panel widget widget_sow-editor panel-first-child panel-last-child\" data-index=\"2\" ><div\n\t\t\t\n\t\t\tclass=\"so-widget-sow-editor so-widget-sow-editor-base\"\n\t\t\t\n\t\t>\n<div class=\"siteorigin-widget-tinymce textwidget\">\n\t<p>&nbsp;<\/p>\n<hr>\n<p>&nbsp;<\/p>\n<\/div>\n<\/div><\/div><\/div><\/div><div id=\"pg-2220-2\"  class=\"panel-grid panel-no-style\" ><div id=\"pgc-2220-2-0\"  class=\"panel-grid-cell\" ><div id=\"panel-2220-2-0-0\" class=\"so-panel widget widget_sow-editor panel-first-child panel-last-child\" data-index=\"3\" ><div\n\t\t\t\n\t\t\tclass=\"so-widget-sow-editor so-widget-sow-editor-base\"\n\t\t\t\n\t\t>\n<div class=\"siteorigin-widget-tinymce textwidget\">\n\t<p>Nachdem ich der Not gehorchend das Anderswo Camp nach einem viel zu kurzen Aufenthalt verlassen habe, m\u00f6chte ich mir noch den nahe gelegenen <a href=\"https:\/\/www.baumwipfelpfade.de\/bayerischer-wald\/\" target=\"_blank\" rel=\"noopener\">Baumwipfelpfad<\/a> ansehen. Da bauen also Leute einen langsam ansteigenden, auf Stelzen gelagerten Pfad durch einen Wald und nehmen daf\u00fcr zehn Euro Eintritt. OK, zur Fairness dazugesagt: Am Ende des Pfades geht dieser in eine Spirale \u00fcber, die sich im Innern einer Eif\u00f6rmigen Holzkonstruktion bis in ca. 40 Meter H\u00f6he schraubt. Das alles schaut auf den Bildern der Website so phantastisch vielversprechend aus, dass ich dachte: \"Da. Musst. Du. Hin.\". Wenn sich das hier bisher so liest, als h\u00e4tte mich der Besuch entt\u00e4uscht oder ich w\u00fcrde die Umsetzung des Konzepts schlecht finden - weit gefehlt, oh contraire! Ich muss nur ein bisher unausgesprochenes Detail hinzuf\u00fcgen und es wurde mir auch erst wieder klar, als ich schon drin war: Ich leide unter ausgepr\u00e4gter H\u00f6henangst.<\/p>\n<\/div>\n<\/div><\/div><\/div><\/div><div id=\"pg-2220-3\"  class=\"panel-grid panel-no-style\" ><div id=\"pgc-2220-3-0\"  class=\"panel-grid-cell\" ><div id=\"panel-2220-3-0-0\" class=\"so-panel widget widget_sow-image panel-first-child\" data-index=\"4\" ><div\n\t\t\t\n\t\t\tclass=\"so-widget-sow-image so-widget-sow-image-default-c67d20f9f743-2220\"\n\t\t\t\n\t\t>\n<div class=\"sow-image-container\">\n\t\t\t<a href=\"https:\/\/unterwegs-daheim.de\/wordpress\/wp-content\/uploads\/2021\/08\/210728Baumwipfelpfad3.jpg\"\n\t\t\ttarget=\"_blank\" rel=\"noopener noreferrer\" \t\t>\n\t\t\t<img \n\tsrc=\"https:\/\/unterwegs-daheim.de\/wordpress\/wp-content\/uploads\/2021\/08\/210728Baumwipfelpfad3-768x430.jpg\" width=\"750\" height=\"420\" srcset=\"https:\/\/unterwegs-daheim.de\/wordpress\/wp-content\/uploads\/2021\/08\/210728Baumwipfelpfad3-768x430.jpg 768w, https:\/\/unterwegs-daheim.de\/wordpress\/wp-content\/uploads\/2021\/08\/210728Baumwipfelpfad3-300x168.jpg 300w, https:\/\/unterwegs-daheim.de\/wordpress\/wp-content\/uploads\/2021\/08\/210728Baumwipfelpfad3-1024x573.jpg 1024w, https:\/\/unterwegs-daheim.de\/wordpress\/wp-content\/uploads\/2021\/08\/210728Baumwipfelpfad3-1536x860.jpg 1536w, https:\/\/unterwegs-daheim.de\/wordpress\/wp-content\/uploads\/2021\/08\/210728Baumwipfelpfad3-1568x878.jpg 1568w, https:\/\/unterwegs-daheim.de\/wordpress\/wp-content\/uploads\/2021\/08\/210728Baumwipfelpfad3.jpg 1660w\" sizes=\"(max-width: 750px) 100vw, 750px\" alt=\"\" \t\tclass=\"so-widget-image\"\/>\n\t\t\t<\/a><\/div>\n\n<\/div><\/div><div id=\"panel-2220-3-0-1\" class=\"so-panel widget widget_sow-editor panel-last-child\" data-index=\"5\" ><div\n\t\t\t\n\t\t\tclass=\"so-widget-sow-editor so-widget-sow-editor-base\"\n\t\t\t\n\t\t>\n<div class=\"siteorigin-widget-tinymce textwidget\">\n\t<p style=\"text-align: center; font-size: 18px;\">Baumwipfelpfad. Es f\u00e4ngt langsam an mit sanfter Steigung.<\/p>\n<\/div>\n<\/div><\/div><\/div><div id=\"pgc-2220-3-1\"  class=\"panel-grid-cell\" ><div id=\"panel-2220-3-1-0\" class=\"so-panel widget widget_sow-image panel-first-child\" data-index=\"6\" ><div\n\t\t\t\n\t\t\tclass=\"so-widget-sow-image so-widget-sow-image-default-c67d20f9f743-2220\"\n\t\t\t\n\t\t>\n<div class=\"sow-image-container\">\n\t\t\t<a href=\"https:\/\/unterwegs-daheim.de\/wordpress\/wp-content\/uploads\/2021\/08\/210728Baumwipfelpfad1.jpg\"\n\t\t\ttarget=\"_blank\" rel=\"noopener noreferrer\" \t\t>\n\t\t\t<img \n\tsrc=\"https:\/\/unterwegs-daheim.de\/wordpress\/wp-content\/uploads\/2021\/08\/210728Baumwipfelpfad1-768x434.jpg\" width=\"750\" height=\"424\" srcset=\"https:\/\/unterwegs-daheim.de\/wordpress\/wp-content\/uploads\/2021\/08\/210728Baumwipfelpfad1-768x434.jpg 768w, https:\/\/unterwegs-daheim.de\/wordpress\/wp-content\/uploads\/2021\/08\/210728Baumwipfelpfad1-300x170.jpg 300w, https:\/\/unterwegs-daheim.de\/wordpress\/wp-content\/uploads\/2021\/08\/210728Baumwipfelpfad1-1024x579.jpg 1024w, https:\/\/unterwegs-daheim.de\/wordpress\/wp-content\/uploads\/2021\/08\/210728Baumwipfelpfad1-1536x868.jpg 1536w, https:\/\/unterwegs-daheim.de\/wordpress\/wp-content\/uploads\/2021\/08\/210728Baumwipfelpfad1-1568x886.jpg 1568w, https:\/\/unterwegs-daheim.de\/wordpress\/wp-content\/uploads\/2021\/08\/210728Baumwipfelpfad1.jpg 1661w\" sizes=\"(max-width: 750px) 100vw, 750px\" alt=\"\" \t\tclass=\"so-widget-image\"\/>\n\t\t\t<\/a><\/div>\n\n<\/div><\/div><div id=\"panel-2220-3-1-1\" class=\"so-panel widget widget_sow-editor panel-last-child\" data-index=\"7\" ><div\n\t\t\t\n\t\t\tclass=\"so-widget-sow-editor so-widget-sow-editor-base\"\n\t\t\t\n\t\t>\n<div class=\"siteorigin-widget-tinymce textwidget\">\n\t<p style=\"text-align: center; font-size: 18px;\">Der Pfad ist nett gemacht, mit Infotafeln und anfassbaren Elementen f\u00fcr Kinder. Schon bald taucht es auf: Das Ei.<\/p>\n<\/div>\n<\/div><\/div><\/div><\/div><div id=\"pg-2220-4\"  class=\"panel-grid panel-no-style\" ><div id=\"pgc-2220-4-0\"  class=\"panel-grid-cell panel-grid-cell-empty\" ><\/div><div id=\"pgc-2220-4-1\"  class=\"panel-grid-cell panel-grid-cell-mobile-last\" ><div id=\"panel-2220-4-1-0\" class=\"so-panel widget widget_sow-image panel-first-child\" data-index=\"8\" ><div\n\t\t\t\n\t\t\tclass=\"so-widget-sow-image so-widget-sow-image-default-e4c2d9f6c920-2220\"\n\t\t\t\n\t\t>\n<div class=\"sow-image-container\">\n\t\t\t<a href=\"https:\/\/unterwegs-daheim.de\/wordpress\/wp-content\/uploads\/2021\/08\/210728Baumwipfelpfad2.jpg\"\n\t\t\ttarget=\"_blank\" rel=\"noopener noreferrer\" \t\t>\n\t\t\t<img \n\tsrc=\"https:\/\/unterwegs-daheim.de\/wordpress\/wp-content\/uploads\/2021\/08\/210728Baumwipfelpfad2-768x430.jpg\" width=\"750\" height=\"420\" srcset=\"https:\/\/unterwegs-daheim.de\/wordpress\/wp-content\/uploads\/2021\/08\/210728Baumwipfelpfad2-768x430.jpg 768w, https:\/\/unterwegs-daheim.de\/wordpress\/wp-content\/uploads\/2021\/08\/210728Baumwipfelpfad2-300x168.jpg 300w, https:\/\/unterwegs-daheim.de\/wordpress\/wp-content\/uploads\/2021\/08\/210728Baumwipfelpfad2-1024x574.jpg 1024w, https:\/\/unterwegs-daheim.de\/wordpress\/wp-content\/uploads\/2021\/08\/210728Baumwipfelpfad2-1536x861.jpg 1536w, https:\/\/unterwegs-daheim.de\/wordpress\/wp-content\/uploads\/2021\/08\/210728Baumwipfelpfad2-1568x879.jpg 1568w, https:\/\/unterwegs-daheim.de\/wordpress\/wp-content\/uploads\/2021\/08\/210728Baumwipfelpfad2.jpg 1663w\" sizes=\"(max-width: 750px) 100vw, 750px\" alt=\"\" \t\tclass=\"so-widget-image\"\/>\n\t\t\t<\/a><\/div>\n\n<\/div><\/div><div id=\"panel-2220-4-1-1\" class=\"so-panel widget widget_sow-editor panel-last-child\" data-index=\"9\" ><div\n\t\t\t\n\t\t\tclass=\"so-widget-sow-editor so-widget-sow-editor-base\"\n\t\t\t\n\t\t>\n<div class=\"siteorigin-widget-tinymce textwidget\">\n\t<p style=\"text-align: right; font-size: 18px;\">\n<\/div>\n<\/div><\/div><\/div><div id=\"pgc-2220-4-2\"  class=\"panel-grid-cell panel-grid-cell-empty\" ><\/div><\/div><div id=\"pg-2220-5\"  class=\"panel-grid panel-no-style\" ><div id=\"pgc-2220-5-0\"  class=\"panel-grid-cell\" ><div id=\"panel-2220-5-0-0\" class=\"so-panel widget widget_sow-editor panel-first-child panel-last-child\" data-index=\"10\" ><div\n\t\t\t\n\t\t\tclass=\"so-widget-sow-editor so-widget-sow-editor-base\"\n\t\t\t\n\t\t>\n<div class=\"siteorigin-widget-tinymce textwidget\">\n\t<p>Ich muss jetzt hier gar nichts superspannend machen, was es nicht ist und ich war auch in unter einer Stunde wieder raus aus dem Konstrukt. Aber:<\/p>\n<p>1. Bereits direkt hinter der Eintrittskasse kam mir ein Leidensgenosse mit schreckensweiten Augen entgegengewankt, der von der Dame am Einlass beanstandungslos seinen Eintritt zur\u00fcckbekam, nachdem er versicherte, alles versucht zu haben aber es ginge einfach nicht - H\u00f6henangst eben.<\/p>\n<p>2. Mit viel festhalten links und rechts, einigen Pausen und ein paar Anl\u00e4ufen habe ich es bis in die Mitte der zweiten Umdrehung der Eibahn geschafft. Ich m\u00fcsste mir so ein Ding hinten im Garten aufbauen und t\u00e4glich trainieren. Dann k\u00e4me ich da rauf.<\/p>\n<\/div>\n<\/div><\/div><\/div><\/div><div id=\"pg-2220-6\"  class=\"panel-grid panel-no-style\" ><div id=\"pgc-2220-6-0\"  class=\"panel-grid-cell\" ><div id=\"panel-2220-6-0-0\" class=\"so-panel widget widget_sow-editor panel-first-child panel-last-child\" data-index=\"11\" ><div\n\t\t\t\n\t\t\tclass=\"so-widget-sow-editor so-widget-sow-editor-base\"\n\t\t\t\n\t\t>\n<div class=\"siteorigin-widget-tinymce textwidget\">\n\t<p>&nbsp;<\/p>\n<hr>\n<p>&nbsp;<\/p>\n<\/div>\n<\/div><\/div><\/div><\/div><div id=\"pg-2220-7\"  class=\"panel-grid panel-no-style\" ><div id=\"pgc-2220-7-0\"  class=\"panel-grid-cell panel-grid-cell-empty\" ><\/div><div id=\"pgc-2220-7-1\"  class=\"panel-grid-cell panel-grid-cell-mobile-last\" ><div id=\"panel-2220-7-1-0\" class=\"so-panel widget widget_sow-image panel-first-child\" data-index=\"12\" ><div\n\t\t\t\n\t\t\tclass=\"so-widget-sow-image so-widget-sow-image-default-e4c2d9f6c920-2220\"\n\t\t\t\n\t\t>\n<div class=\"sow-image-container\">\n\t\t\t<a href=\"https:\/\/unterwegs-daheim.de\/wordpress\/wp-content\/uploads\/2021\/08\/210728StellplatzFalkenau.jpg\"\n\t\t\ttarget=\"_blank\" rel=\"noopener noreferrer\" \t\t>\n\t\t\t<img \n\tsrc=\"https:\/\/unterwegs-daheim.de\/wordpress\/wp-content\/uploads\/2021\/08\/210728StellplatzFalkenau-768x433.jpg\" width=\"750\" height=\"423\" srcset=\"https:\/\/unterwegs-daheim.de\/wordpress\/wp-content\/uploads\/2021\/08\/210728StellplatzFalkenau-768x433.jpg 768w, https:\/\/unterwegs-daheim.de\/wordpress\/wp-content\/uploads\/2021\/08\/210728StellplatzFalkenau-300x169.jpg 300w, https:\/\/unterwegs-daheim.de\/wordpress\/wp-content\/uploads\/2021\/08\/210728StellplatzFalkenau-1024x577.jpg 1024w, https:\/\/unterwegs-daheim.de\/wordpress\/wp-content\/uploads\/2021\/08\/210728StellplatzFalkenau-1536x865.jpg 1536w, https:\/\/unterwegs-daheim.de\/wordpress\/wp-content\/uploads\/2021\/08\/210728StellplatzFalkenau-1568x883.jpg 1568w, https:\/\/unterwegs-daheim.de\/wordpress\/wp-content\/uploads\/2021\/08\/210728StellplatzFalkenau.jpg 1662w\" sizes=\"(max-width: 750px) 100vw, 750px\" alt=\"\" \t\tclass=\"so-widget-image\"\/>\n\t\t\t<\/a><\/div>\n\n<\/div><\/div><div id=\"panel-2220-7-1-1\" class=\"so-panel widget widget_sow-editor panel-last-child\" data-index=\"13\" ><div\n\t\t\t\n\t\t\tclass=\"so-widget-sow-editor so-widget-sow-editor-base\"\n\t\t\t\n\t\t>\n<div class=\"siteorigin-widget-tinymce textwidget\">\n\t<p style=\"text-align: center; font-size: 18px;\">2021-07-28 - Hainichen Falkenau, Stellplatz \"Christas Scheune\"<\/p>\n<\/div>\n<\/div><\/div><\/div><div id=\"pgc-2220-7-2\"  class=\"panel-grid-cell panel-grid-cell-empty\" ><\/div><\/div><div id=\"pg-2220-8\"  class=\"panel-grid panel-no-style\" ><div id=\"pgc-2220-8-0\"  class=\"panel-grid-cell\" ><div id=\"panel-2220-8-0-0\" class=\"so-panel widget widget_sow-editor panel-first-child panel-last-child\" data-index=\"14\" ><div\n\t\t\t\n\t\t\tclass=\"so-widget-sow-editor so-widget-sow-editor-base\"\n\t\t\t\n\t\t>\n<div class=\"siteorigin-widget-tinymce textwidget\">\n\t<p>Vom Bayerischen Wald nach grobe Richtung Dresden\/Pirna muss man um eine riesige Landnase Tschechien herum - wenn man so wie ich mild paranoid ist und bef\u00fcrchtet, nach einer Einreise Coronabedingt nicht so ohne Weiteres da wieder raus zu kommen. Da ich die Bastei gern fr\u00fch am Morgen erst\u00fcrmen m\u00f6chte, ist eine Zwischen\u00fcbernachtung angesagt. Nur ein paar Minuten von der A4 entfernt, liegt in Hainichen Falkenau auf ebenem Schotter der Stellplatz \"Christas Scheune\". Ich zahle per M\u00fcnzeinwurf in einen Briefkasten. Man kann wohl auch Strom bekommen und weiteres aber man muss gem\u00e4\u00df der Beschilderung ein Handy anrufen und da ich das alles nicht brauche, lass ich es.<\/p>\n<\/div>\n<\/div><\/div><\/div><\/div><div id=\"pg-2220-9\"  class=\"panel-grid panel-no-style\" ><div id=\"pgc-2220-9-0\"  class=\"panel-grid-cell\" ><div id=\"panel-2220-9-0-0\" class=\"so-panel widget widget_sow-image panel-first-child\" data-index=\"15\" ><div\n\t\t\t\n\t\t\tclass=\"so-widget-sow-image so-widget-sow-image-default-c67d20f9f743-2220\"\n\t\t\t\n\t\t>\n<div class=\"sow-image-container\">\n\t\t\t<a href=\"https:\/\/unterwegs-daheim.de\/wordpress\/wp-content\/uploads\/2021\/08\/210729Rathen1.jpg\"\n\t\t\ttarget=\"_blank\" rel=\"noopener noreferrer\" \t\t>\n\t\t\t<img \n\tsrc=\"https:\/\/unterwegs-daheim.de\/wordpress\/wp-content\/uploads\/2021\/08\/210729Rathen1-1024x574.jpg\" width=\"750\" height=\"420\" srcset=\"https:\/\/unterwegs-daheim.de\/wordpress\/wp-content\/uploads\/2021\/08\/210729Rathen1-1024x574.jpg 1024w, https:\/\/unterwegs-daheim.de\/wordpress\/wp-content\/uploads\/2021\/08\/210729Rathen1-300x168.jpg 300w, https:\/\/unterwegs-daheim.de\/wordpress\/wp-content\/uploads\/2021\/08\/210729Rathen1-768x431.jpg 768w, https:\/\/unterwegs-daheim.de\/wordpress\/wp-content\/uploads\/2021\/08\/210729Rathen1-1536x862.jpg 1536w, https:\/\/unterwegs-daheim.de\/wordpress\/wp-content\/uploads\/2021\/08\/210729Rathen1-1568x880.jpg 1568w, https:\/\/unterwegs-daheim.de\/wordpress\/wp-content\/uploads\/2021\/08\/210729Rathen1.jpg 1663w\" sizes=\"(max-width: 750px) 100vw, 750px\" alt=\"\" \t\tclass=\"so-widget-image\"\/>\n\t\t\t<\/a><\/div>\n\n<\/div><\/div><div id=\"panel-2220-9-0-1\" class=\"so-panel widget widget_sow-image panel-last-child\" data-index=\"16\" ><div\n\t\t\t\n\t\t\tclass=\"so-widget-sow-image so-widget-sow-image-default-8b5b6f678277-2220\"\n\t\t\t\n\t\t>\n<div class=\"sow-image-container\">\n\t\t\t<a href=\"https:\/\/unterwegs-daheim.de\/wordpress\/wp-content\/uploads\/2021\/08\/210729Rathen2.jpg\"\n\t\t\ttarget=\"_blank\" rel=\"noopener noreferrer\" \t\t>\n\t\t\t<img \n\tsrc=\"https:\/\/unterwegs-daheim.de\/wordpress\/wp-content\/uploads\/2021\/08\/210729Rathen2-1024x574.jpg\" width=\"750\" height=\"420\" srcset=\"https:\/\/unterwegs-daheim.de\/wordpress\/wp-content\/uploads\/2021\/08\/210729Rathen2-1024x574.jpg 1024w, https:\/\/unterwegs-daheim.de\/wordpress\/wp-content\/uploads\/2021\/08\/210729Rathen2-300x168.jpg 300w, https:\/\/unterwegs-daheim.de\/wordpress\/wp-content\/uploads\/2021\/08\/210729Rathen2-768x431.jpg 768w, https:\/\/unterwegs-daheim.de\/wordpress\/wp-content\/uploads\/2021\/08\/210729Rathen2-1536x861.jpg 1536w, https:\/\/unterwegs-daheim.de\/wordpress\/wp-content\/uploads\/2021\/08\/210729Rathen2-1568x879.jpg 1568w, https:\/\/unterwegs-daheim.de\/wordpress\/wp-content\/uploads\/2021\/08\/210729Rathen2.jpg 1662w\" sizes=\"(max-width: 750px) 100vw, 750px\" alt=\"\" \t\tclass=\"so-widget-image\"\/>\n\t\t\t<\/a><\/div>\n\n<\/div><\/div><\/div><div id=\"pgc-2220-9-1\"  class=\"panel-grid-cell\" ><div id=\"panel-2220-9-1-0\" class=\"so-panel widget widget_sow-editor panel-first-child panel-last-child\" data-index=\"17\" ><div\n\t\t\t\n\t\t\tclass=\"so-widget-sow-editor so-widget-sow-editor-base\"\n\t\t\t\n\t\t>\n<div class=\"siteorigin-widget-tinymce textwidget\">\n\t<p>In Rath angekommen, baue ich mich am Parkplatz\/Wohnmobilstellplatz am Elbweg auf. Ein - zumindest im f\u00fcr Wohnmobile ausgewiesenem Bereich - halbwegs ebener Schotterplatz ohne jegliche weitere Infrastruktur. \u00dcbernachten ist erlaubt und 24h stehen kostet 15\u20ac. Ja, hach, ist viel Geld und an irgendeinem beliebigen Ort auf dem platten Land w\u00fcrde ich bei diesem \"Angebot\" kommentarlos weiterfahren (und vielleicht noch ein klitzekleines bischen Kopfsch\u00fctteln) aber hier sind wir an einer touristischen Premiumlokation. Und \u00e4hnlich wie am Parkplatz Zauberwald\/Hintersee bin ich schon froh, dass man am Platz \u00fcberhaupt \u00fcbernachten <strong>darf<\/strong> und nicht zum Schwarzcampen (oder ist das schon Raubcampen?) gezwungen wird.<\/p>\n<p>F\u00fcr Leute, die sich nicht an das Schlafen mit supereffizienten Ohrst\u00f6pseln gew\u00f6hnt haben, muss ich noch eine ganz ausdr\u00fcckliche Warnung aussprechen: Direkt hinter dem Wohnmobilbereich l\u00e4uft eine Bahnstrecke. Nachts donnern da gef\u00fchlt alle 5 Minuten Z\u00fcge - auch und im Besonderen G\u00fcterz\u00fcge - durch. Es ist infernalisch laut. F\u00fcr mich waren die angenehmen, leichten Beben eine Ein- und Durchschlafhilfe. Vom Parkplatz erreiche ich in nicht einmal zehn Minuten Fussmarsch die Elbf\u00e4hre.<\/p>\n<\/div>\n<\/div><\/div><\/div><\/div><div id=\"pg-2220-10\"  class=\"panel-grid panel-no-style\" ><div id=\"pgc-2220-10-0\"  class=\"panel-grid-cell\" ><div id=\"panel-2220-10-0-0\" class=\"so-panel widget widget_sow-editor panel-first-child panel-last-child\" data-index=\"18\" ><div\n\t\t\t\n\t\t\tclass=\"so-widget-sow-editor so-widget-sow-editor-base\"\n\t\t\t\n\t\t>\n<div class=\"siteorigin-widget-tinymce textwidget\">\n\t<\/div>\n<\/div><\/div><\/div><\/div><div id=\"pg-2220-11\"  class=\"panel-grid panel-no-style\" ><div id=\"pgc-2220-11-0\"  class=\"panel-grid-cell\" ><div id=\"panel-2220-11-0-0\" class=\"so-panel widget widget_sow-editor panel-first-child panel-last-child\" data-index=\"19\" ><div\n\t\t\t\n\t\t\tclass=\"so-widget-sow-editor so-widget-sow-editor-base\"\n\t\t\t\n\t\t>\n<div class=\"siteorigin-widget-tinymce textwidget\">\n\t<p>Die F\u00e4hre kostet faire (pun intended) 2,50\u20ac hin und zur\u00fcck und f\u00e4hrt rund um die Uhr. Ich denke, nachts hat der F\u00e4hrmann wenig zu tun aber wer weiss. Es handelt sich \u00fcbrigens um eine Gierseilf\u00e4hre, die komplett ohne eigenem Antrieb, mit einem Seil verbunden allein durch Schr\u00e4gstellung in den Strom von einer Seite zur anderen getrieben wird. Eine detaillierte Beschreibung findet sich <a href=\"https:\/\/www.kurort-rathen.de\/de\/faehre.html\" target=\"_blank\" rel=\"noopener\">hier<\/a>.<\/p>\n<p>Das Wetter an diesem Tag ist fantastisch. Strahlend blauer Himmel, angenehm warm und \u00fcber allem liegt eine Brise fast schon wie am Meer. Auf der anderen Seite angekommen mache ich ein Foto vom ausgehangenen Wanderwegeplan, das ich hier <strong>NICHT<\/strong> reinstelle. Alt eingesessene unterwegs-daheim Kollegen werden sich vielleicht erinnern, warum nicht. Jedenfalls suche ich mir eine der mittel langen Routen aus und stapfe los. Der Aufstieg ist f\u00fcr einen Untrainierten wie mich eine echte Herausforderung. Es geht steil bergan und zwischendurch kommen immer wieder h\u00f6lzerne und sp\u00e4ter steinerne Treppen. Daf\u00fcr wechselt sich, hat man die unteren zwei Drittel erst einmal hinter sich, ein umwerfender Ausblick mit dem n\u00e4chsten ab. Das h\u00f6rt dann eigentlich erst auf, wenn man ganz oben angekommen ist und es nicht mehr weiter geht. Irgendwie auch logisch.<\/p>\n<\/div>\n<\/div><\/div><\/div><div id=\"pgc-2220-11-1\"  class=\"panel-grid-cell\" ><div id=\"panel-2220-11-1-0\" class=\"so-panel widget widget_sow-image panel-first-child\" data-index=\"20\" ><div\n\t\t\t\n\t\t\tclass=\"so-widget-sow-image so-widget-sow-image-default-c67d20f9f743-2220\"\n\t\t\t\n\t\t>\n<div class=\"sow-image-container\">\n\t\t\t<a href=\"https:\/\/unterwegs-daheim.de\/wordpress\/wp-content\/uploads\/2021\/08\/210729Rathen4.jpg\"\n\t\t\ttarget=\"_blank\" rel=\"noopener noreferrer\" \t\t>\n\t\t\t<img \n\tsrc=\"https:\/\/unterwegs-daheim.de\/wordpress\/wp-content\/uploads\/2021\/08\/210729Rathen4-1024x577.jpg\" width=\"750\" height=\"423\" srcset=\"https:\/\/unterwegs-daheim.de\/wordpress\/wp-content\/uploads\/2021\/08\/210729Rathen4-1024x577.jpg 1024w, https:\/\/unterwegs-daheim.de\/wordpress\/wp-content\/uploads\/2021\/08\/210729Rathen4-300x169.jpg 300w, https:\/\/unterwegs-daheim.de\/wordpress\/wp-content\/uploads\/2021\/08\/210729Rathen4-768x432.jpg 768w, https:\/\/unterwegs-daheim.de\/wordpress\/wp-content\/uploads\/2021\/08\/210729Rathen4-1536x865.jpg 1536w, https:\/\/unterwegs-daheim.de\/wordpress\/wp-content\/uploads\/2021\/08\/210729Rathen4-1568x883.jpg 1568w, https:\/\/unterwegs-daheim.de\/wordpress\/wp-content\/uploads\/2021\/08\/210729Rathen4.jpg 1659w\" sizes=\"(max-width: 750px) 100vw, 750px\" alt=\"\" \t\tclass=\"so-widget-image\"\/>\n\t\t\t<\/a><\/div>\n\n<\/div><\/div><div id=\"panel-2220-11-1-1\" class=\"so-panel widget widget_sow-image panel-last-child\" data-index=\"21\" ><div\n\t\t\t\n\t\t\tclass=\"so-widget-sow-image so-widget-sow-image-default-8b5b6f678277-2220\"\n\t\t\t\n\t\t>\n<div class=\"sow-image-container\">\n\t\t\t<a href=\"https:\/\/unterwegs-daheim.de\/wordpress\/wp-content\/uploads\/2021\/08\/210729Rathen5.jpg\"\n\t\t\ttarget=\"_blank\" rel=\"noopener noreferrer\" \t\t>\n\t\t\t<img \n\tsrc=\"https:\/\/unterwegs-daheim.de\/wordpress\/wp-content\/uploads\/2021\/08\/210729Rathen5-1024x570.jpg\" width=\"750\" height=\"417\" srcset=\"https:\/\/unterwegs-daheim.de\/wordpress\/wp-content\/uploads\/2021\/08\/210729Rathen5-1024x570.jpg 1024w, https:\/\/unterwegs-daheim.de\/wordpress\/wp-content\/uploads\/2021\/08\/210729Rathen5-300x167.jpg 300w, https:\/\/unterwegs-daheim.de\/wordpress\/wp-content\/uploads\/2021\/08\/210729Rathen5-768x428.jpg 768w, https:\/\/unterwegs-daheim.de\/wordpress\/wp-content\/uploads\/2021\/08\/210729Rathen5-1536x855.jpg 1536w, https:\/\/unterwegs-daheim.de\/wordpress\/wp-content\/uploads\/2021\/08\/210729Rathen5-1568x873.jpg 1568w, https:\/\/unterwegs-daheim.de\/wordpress\/wp-content\/uploads\/2021\/08\/210729Rathen5.jpg 1661w\" sizes=\"(max-width: 750px) 100vw, 750px\" alt=\"\" \t\tclass=\"so-widget-image\"\/>\n\t\t\t<\/a><\/div>\n\n<\/div><\/div><\/div><\/div><div id=\"pg-2220-12\"  class=\"panel-grid panel-no-style\" ><div id=\"pgc-2220-12-0\"  class=\"panel-grid-cell\" ><div id=\"panel-2220-12-0-0\" class=\"so-panel widget widget_sow-editor panel-first-child panel-last-child\" data-index=\"22\" ><div\n\t\t\t\n\t\t\tclass=\"so-widget-sow-editor so-widget-sow-editor-base\"\n\t\t\t\n\t\t>\n<div class=\"siteorigin-widget-tinymce textwidget\">\n\t<p>Schon bei der urspr\u00fcnglichen Planung der Tour hatte ich dieses eine Bild im Kopf, das ich \"In Echt\" sehen wollte. Dieses ikonische Foto der Bastei im Elbsandsteingebirge. Die Felsformationen sind offensichtlich nat\u00fcrlich entstanden und dann haben Leute, Planungsleute und Bauleute da ihre menschlichen Wirkungsspuren hinterlassen. Eindeutig gibt es da Parallelen zur Entstehungsgeschichte und der heutigen Situation der Externsteine. Und wahrscheinlich genau deshalb wirkt dieser Ort genau so stark anziehend auf mich.<\/p>\n<\/div>\n<\/div><\/div><\/div><\/div><div id=\"pg-2220-13\"  class=\"panel-grid panel-no-style\" ><div id=\"pgc-2220-13-0\"  class=\"panel-grid-cell panel-grid-cell-empty\" ><\/div><div id=\"pgc-2220-13-1\"  class=\"panel-grid-cell panel-grid-cell-mobile-last\" ><div id=\"panel-2220-13-1-0\" class=\"so-panel widget widget_sow-image panel-first-child\" data-index=\"23\" ><div\n\t\t\t\n\t\t\tclass=\"so-widget-sow-image so-widget-sow-image-default-8b5b6f678277-2220\"\n\t\t\t\n\t\t>\n<div class=\"sow-image-container\">\n\t\t\t<a href=\"https:\/\/unterwegs-daheim.de\/wordpress\/wp-content\/uploads\/2021\/08\/210729Rathen6.jpg\"\n\t\t\ttarget=\"_blank\" rel=\"noopener noreferrer\" \t\t>\n\t\t\t<img \n\tsrc=\"https:\/\/unterwegs-daheim.de\/wordpress\/wp-content\/uploads\/2021\/08\/210729Rathen6.jpg\" width=\"1663\" height=\"933\" srcset=\"https:\/\/unterwegs-daheim.de\/wordpress\/wp-content\/uploads\/2021\/08\/210729Rathen6.jpg 1663w, https:\/\/unterwegs-daheim.de\/wordpress\/wp-content\/uploads\/2021\/08\/210729Rathen6-300x168.jpg 300w, https:\/\/unterwegs-daheim.de\/wordpress\/wp-content\/uploads\/2021\/08\/210729Rathen6-1024x574.jpg 1024w, https:\/\/unterwegs-daheim.de\/wordpress\/wp-content\/uploads\/2021\/08\/210729Rathen6-768x431.jpg 768w, https:\/\/unterwegs-daheim.de\/wordpress\/wp-content\/uploads\/2021\/08\/210729Rathen6-1536x862.jpg 1536w, https:\/\/unterwegs-daheim.de\/wordpress\/wp-content\/uploads\/2021\/08\/210729Rathen6-1568x880.jpg 1568w\" sizes=\"(max-width: 1663px) 100vw, 1663px\" alt=\"\" \t\tclass=\"so-widget-image\"\/>\n\t\t\t<\/a><\/div>\n\n<\/div><\/div><div id=\"panel-2220-13-1-1\" class=\"so-panel widget widget_sow-editor panel-last-child\" data-index=\"24\" ><div\n\t\t\t\n\t\t\tclass=\"so-widget-sow-editor so-widget-sow-editor-base\"\n\t\t\t\n\t\t>\n<div class=\"siteorigin-widget-tinymce textwidget\">\n\t<p style=\"text-align: center; font-size: 18px;\">2021-07-29 - Rathen, Bastei<\/p>\n<\/div>\n<\/div><\/div><\/div><div id=\"pgc-2220-13-2\"  class=\"panel-grid-cell panel-grid-cell-empty\" ><\/div><\/div><div id=\"pg-2220-14\"  class=\"panel-grid panel-no-style\" ><div id=\"pgc-2220-14-0\"  class=\"panel-grid-cell\" ><div id=\"panel-2220-14-0-0\" class=\"so-panel widget widget_sow-image panel-first-child\" data-index=\"25\" ><div\n\t\t\t\n\t\t\tclass=\"so-widget-sow-image so-widget-sow-image-default-c67d20f9f743-2220\"\n\t\t\t\n\t\t>\n<div class=\"sow-image-container\">\n\t\t\t<a href=\"https:\/\/unterwegs-daheim.de\/wordpress\/wp-content\/uploads\/2021\/08\/210729Rathen8.jpg\"\n\t\t\ttarget=\"_blank\" rel=\"noopener noreferrer\" \t\t>\n\t\t\t<img \n\tsrc=\"https:\/\/unterwegs-daheim.de\/wordpress\/wp-content\/uploads\/2021\/08\/210729Rathen8-1024x577.jpg\" width=\"750\" height=\"423\" srcset=\"https:\/\/unterwegs-daheim.de\/wordpress\/wp-content\/uploads\/2021\/08\/210729Rathen8-1024x577.jpg 1024w, https:\/\/unterwegs-daheim.de\/wordpress\/wp-content\/uploads\/2021\/08\/210729Rathen8-300x169.jpg 300w, https:\/\/unterwegs-daheim.de\/wordpress\/wp-content\/uploads\/2021\/08\/210729Rathen8-768x433.jpg 768w, https:\/\/unterwegs-daheim.de\/wordpress\/wp-content\/uploads\/2021\/08\/210729Rathen8-1536x865.jpg 1536w, https:\/\/unterwegs-daheim.de\/wordpress\/wp-content\/uploads\/2021\/08\/210729Rathen8-1568x883.jpg 1568w, https:\/\/unterwegs-daheim.de\/wordpress\/wp-content\/uploads\/2021\/08\/210729Rathen8.jpg 1662w\" sizes=\"(max-width: 750px) 100vw, 750px\" alt=\"\" \t\tclass=\"so-widget-image\"\/>\n\t\t\t<\/a><\/div>\n\n<\/div><\/div><div id=\"panel-2220-14-0-1\" class=\"so-panel widget widget_sow-image\" data-index=\"26\" ><div\n\t\t\t\n\t\t\tclass=\"so-widget-sow-image so-widget-sow-image-default-8b5b6f678277-2220\"\n\t\t\t\n\t\t>\n<div class=\"sow-image-container\">\n\t\t\t<a href=\"https:\/\/unterwegs-daheim.de\/wordpress\/wp-content\/uploads\/2021\/08\/210729Rathen7.jpg\"\n\t\t\ttarget=\"_blank\" rel=\"noopener noreferrer\" \t\t>\n\t\t\t<img \n\tsrc=\"https:\/\/unterwegs-daheim.de\/wordpress\/wp-content\/uploads\/2021\/08\/210729Rathen7-1024x575.jpg\" width=\"750\" height=\"421\" srcset=\"https:\/\/unterwegs-daheim.de\/wordpress\/wp-content\/uploads\/2021\/08\/210729Rathen7-1024x575.jpg 1024w, https:\/\/unterwegs-daheim.de\/wordpress\/wp-content\/uploads\/2021\/08\/210729Rathen7-300x168.jpg 300w, https:\/\/unterwegs-daheim.de\/wordpress\/wp-content\/uploads\/2021\/08\/210729Rathen7-768x431.jpg 768w, https:\/\/unterwegs-daheim.de\/wordpress\/wp-content\/uploads\/2021\/08\/210729Rathen7-1536x862.jpg 1536w, https:\/\/unterwegs-daheim.de\/wordpress\/wp-content\/uploads\/2021\/08\/210729Rathen7-1568x880.jpg 1568w, https:\/\/unterwegs-daheim.de\/wordpress\/wp-content\/uploads\/2021\/08\/210729Rathen7.jpg 1661w\" sizes=\"(max-width: 750px) 100vw, 750px\" alt=\"\" \t\tclass=\"so-widget-image\"\/>\n\t\t\t<\/a><\/div>\n\n<\/div><\/div><div id=\"panel-2220-14-0-2\" class=\"so-panel widget widget_sow-editor panel-last-child\" data-index=\"27\" ><div\n\t\t\t\n\t\t\tclass=\"so-widget-sow-editor so-widget-sow-editor-base\"\n\t\t\t\n\t\t>\n<div class=\"siteorigin-widget-tinymce textwidget\">\n\t<p style=\"text-align: center; font-size: 18px;\">\"Da hat wohl jemand W\u00e4sche getrocknet\"<\/p>\n<\/div>\n<\/div><\/div><\/div><div id=\"pgc-2220-14-1\"  class=\"panel-grid-cell\" ><div id=\"panel-2220-14-1-0\" class=\"so-panel widget widget_sow-editor panel-first-child panel-last-child\" data-index=\"28\" ><div\n\t\t\t\n\t\t\tclass=\"so-widget-sow-editor so-widget-sow-editor-base\"\n\t\t\t\n\t\t>\n<div class=\"siteorigin-widget-tinymce textwidget\">\n\t<p>Zur\u00fcck nach unten schlage ich einen anderen Weg ein und treffe nach dem Abstieg eine ganze Ecke h\u00f6her auf den Amselgrund als dort, wo ich vorher den Aufstieg begann. Der Weg ist nun also weitestgehend eben und neben mir pl\u00e4tschert der - na? - Amselgrundbach, richtig! Sch\u00f6ne H\u00e4uschen erfreuen das Auge und irgendwie wirkt alles total malerisch. Da ich echt lange unterwegs war, ist es nun schon sp\u00e4ter Nachmittag.<\/p>\n<\/div>\n<\/div><\/div><\/div><\/div><div id=\"pg-2220-15\"  class=\"panel-grid panel-no-style\" ><div id=\"pgc-2220-15-0\"  class=\"panel-grid-cell\" ><div id=\"panel-2220-15-0-0\" class=\"so-panel widget widget_sow-editor panel-first-child panel-last-child\" data-index=\"29\" ><div\n\t\t\t\n\t\t\tclass=\"so-widget-sow-editor so-widget-sow-editor-base\"\n\t\t\t\n\t\t>\n<div class=\"siteorigin-widget-tinymce textwidget\">\n\t<p>\"Da hat wohl jemand W\u00e4sche getrocknet\" - eine Anekdote: Vor gef\u00fchlt einem halben Jahrhundert, in einer meiner ersten Wohnungen hatte ich einen Hausmeister, dessen vornehmlicher Lebenszweck war es, zu verhindern dass jemand in der Wohnung W\u00e4sche trocknet. Er war auch sonst ziemlich investigativ bis ins L\u00e4stige aber diese Nummer hatte ihn irgendwie gepackt. \"In der Wohnung W\u00e4sche trocknen\" war gleichbedeutend mit \"In der Wohnung ein Auto verbrennen\" oder Experimente mit gro\u00dfen Mengen Schwarzpulver oder Knallgas oder auch beidem zusammen. Die Folgen von \"In der Wohnung W\u00e4sche trocknen\" waren jedenfalls absehbar von biblischem Ausma\u00df und mussten unter allen Umst\u00e4nden zum Wohl aller Bewohner grunds\u00e4tzlich unterbunden werden. Gar nicht erst passieren lassen! So kommentierte er denn auch bei der initialen Wohnungsbegehung, vor Unterzeichnung des Mietvertrags alle passenden und unpassenden \"Sch\u00e4den\" oder \"Unsch\u00f6nheiten\" in der Wohnung mit \"Da hat wohl jemand W\u00e4sche getrocknet\". Nun ist das ja ein absoluter Insiderwitz dahingehend, dass nur ich den kenne. Trotzdem kommentiere ich auch heutzutage immer noch Szenarien gro\u00dfer Zerst\u00f6rungen im Fernsehen oder auch in der realen Welt mit diesem Spruch. Ich glaube, das hat mich gepr\u00e4gt damals und das werd ich nicht mehr los.<\/p>\n<p>&nbsp;<\/p>\n<p>Kurz vor dem F\u00e4hranleger gibt es noch ein paar Souvenierst\u00e4nde und eine Pommesbude. Ich genehmige mir Pommes rot\/weiss und eine Waldmeisterbrause. Die Preise sind sehr zivil - fast schon unheimlich f\u00fcr so einen Touristenhotspot. Aber vor nur wenigen Jahrzehnten herrschte hier ja auch noch der real existierende Sozialismus. Wie h\u00f6re ich gelegentlich? \"Es war nicht alles schlecht\"- eben.\u00a0 Ich werde Zeuge eines Dialogs Kunde\/Bedienung: \"Wie lange haben Sie auf?\" - \"18:30\". Ein Blick auf die Uhr zeigt kurz vor Sieben. Auch hier sind die Leute froh, endlich \u00fcberhaupt wieder ihre Gesch\u00e4fte \u00f6ffnen zu d\u00fcrfen. Ich schlendere gem\u00fctlich die letzten Meter zur F\u00e4hre, die nun auf der R\u00fcckfahrt ebenfalls deutlich leerer ist als am Morgen.<\/p>\n<\/div>\n<\/div><\/div><\/div><\/div><div id=\"pg-2220-16\"  class=\"panel-grid panel-no-style\" ><div id=\"pgc-2220-16-0\"  class=\"panel-grid-cell panel-grid-cell-empty\" ><\/div><div id=\"pgc-2220-16-1\"  class=\"panel-grid-cell panel-grid-cell-mobile-last\" ><div id=\"panel-2220-16-1-0\" class=\"so-panel widget widget_sow-image panel-first-child\" data-index=\"30\" ><div\n\t\t\t\n\t\t\tclass=\"so-widget-sow-image so-widget-sow-image-default-8b5b6f678277-2220\"\n\t\t\t\n\t\t>\n<div class=\"sow-image-container\">\n\t\t\t<a href=\"https:\/\/unterwegs-daheim.de\/wordpress\/wp-content\/uploads\/2021\/08\/210729RathenPommesRotWeissGruen.jpg\"\n\t\t\ttarget=\"_blank\" rel=\"noopener noreferrer\" \t\t>\n\t\t\t<img \n\tsrc=\"https:\/\/unterwegs-daheim.de\/wordpress\/wp-content\/uploads\/2021\/08\/210729RathenPommesRotWeissGruen.jpg\" width=\"1797\" height=\"929\" srcset=\"https:\/\/unterwegs-daheim.de\/wordpress\/wp-content\/uploads\/2021\/08\/210729RathenPommesRotWeissGruen.jpg 1797w, https:\/\/unterwegs-daheim.de\/wordpress\/wp-content\/uploads\/2021\/08\/210729RathenPommesRotWeissGruen-300x155.jpg 300w, https:\/\/unterwegs-daheim.de\/wordpress\/wp-content\/uploads\/2021\/08\/210729RathenPommesRotWeissGruen-1024x529.jpg 1024w, https:\/\/unterwegs-daheim.de\/wordpress\/wp-content\/uploads\/2021\/08\/210729RathenPommesRotWeissGruen-768x397.jpg 768w, https:\/\/unterwegs-daheim.de\/wordpress\/wp-content\/uploads\/2021\/08\/210729RathenPommesRotWeissGruen-1536x794.jpg 1536w, https:\/\/unterwegs-daheim.de\/wordpress\/wp-content\/uploads\/2021\/08\/210729RathenPommesRotWeissGruen-1568x811.jpg 1568w\" sizes=\"(max-width: 1797px) 100vw, 1797px\" alt=\"\" \t\tclass=\"so-widget-image\"\/>\n\t\t\t<\/a><\/div>\n\n<\/div><\/div><div id=\"panel-2220-16-1-1\" class=\"so-panel widget widget_sow-editor panel-last-child\" data-index=\"31\" ><div\n\t\t\t\n\t\t\tclass=\"so-widget-sow-editor so-widget-sow-editor-base\"\n\t\t\t\n\t\t>\n<div class=\"siteorigin-widget-tinymce textwidget\">\n\t<p style=\"text-align: center; font-size: 18px;\">Pommes rot, weiss, gr\u00fcn<\/p>\n<\/div>\n<\/div><\/div><\/div><div id=\"pgc-2220-16-2\"  class=\"panel-grid-cell panel-grid-cell-empty\" ><\/div><\/div><div id=\"pg-2220-17\"  class=\"panel-grid panel-no-style\" ><div id=\"pgc-2220-17-0\"  class=\"panel-grid-cell\" ><div id=\"panel-2220-17-0-0\" class=\"so-panel widget widget_sow-editor panel-first-child panel-last-child\" data-index=\"32\" ><div\n\t\t\t\n\t\t\tclass=\"so-widget-sow-editor so-widget-sow-editor-base\"\n\t\t\t\n\t\t>\n<div class=\"siteorigin-widget-tinymce textwidget\">\n\t<p>In der N\u00e4he des Anlegers gibt es noch eine Klanginstallation, die alle 30 Minuten eine Soundkulisse lokaler K\u00fcnstler abspielt. Es ist ein runder Bereich mit Gebilden aus verschiedenen Materialien, die als Sitzgelegenheit, Lautsprecher oder auch beides fungieren. Ich setze mich also und warte die verbleibenden vier Minuten bis zur n\u00e4chsten Runde ab. Wir sind zu dritt vor Ort, ein Mann, eine Frau und ich, gegen Abend leert sich die ganze Lokation in Windeseile. Jedenfalls spielt die Installation dann los, der Typ bekommt einen Anruf und f\u00e4ngt an, mit s\u00fcdl\u00e4ndischem Temperament loszutrompeten. Die Frau und ich haben ihn nur ganz kurz mit einem intensiven, beinahet\u00f6dlichen Blick festgenagelt - er springt auf und verl\u00e4sst laut fl\u00fcsternd den Bereich. Ja also das Ding ist sch\u00f6n, der Klang gut, die Musik mit Naturger\u00e4uschen angereichert und allgemein sehr entspannend. Von dem ganzen Gekraxel bin ich nun total fertig und freue mich auf mein Bett. Leichte Beben begleiten mich durch eine angenehme Nacht.<\/p>\n<\/div>\n<\/div><\/div><\/div><\/div><div id=\"pg-2220-18\"  class=\"panel-grid panel-no-style\" ><div id=\"pgc-2220-18-0\"  class=\"panel-grid-cell panel-grid-cell-empty\" ><\/div><div id=\"pgc-2220-18-1\"  class=\"panel-grid-cell panel-grid-cell-mobile-last\" ><div id=\"panel-2220-18-1-0\" class=\"so-panel widget widget_sow-image panel-first-child\" data-index=\"33\" ><div\n\t\t\t\n\t\t\tclass=\"so-widget-sow-image so-widget-sow-image-default-8b5b6f678277-2220\"\n\t\t\t\n\t\t>\n<div class=\"sow-image-container\">\n\t\t\t<a href=\"https:\/\/unterwegs-daheim.de\/wordpress\/wp-content\/uploads\/2021\/08\/210729Rathen99.jpg\"\n\t\t\ttarget=\"_blank\" rel=\"noopener noreferrer\" \t\t>\n\t\t\t<img \n\tsrc=\"https:\/\/unterwegs-daheim.de\/wordpress\/wp-content\/uploads\/2021\/08\/210729Rathen99.jpg\" width=\"1662\" height=\"933\" srcset=\"https:\/\/unterwegs-daheim.de\/wordpress\/wp-content\/uploads\/2021\/08\/210729Rathen99.jpg 1662w, https:\/\/unterwegs-daheim.de\/wordpress\/wp-content\/uploads\/2021\/08\/210729Rathen99-300x168.jpg 300w, https:\/\/unterwegs-daheim.de\/wordpress\/wp-content\/uploads\/2021\/08\/210729Rathen99-1024x575.jpg 1024w, https:\/\/unterwegs-daheim.de\/wordpress\/wp-content\/uploads\/2021\/08\/210729Rathen99-768x431.jpg 768w, https:\/\/unterwegs-daheim.de\/wordpress\/wp-content\/uploads\/2021\/08\/210729Rathen99-1536x862.jpg 1536w, https:\/\/unterwegs-daheim.de\/wordpress\/wp-content\/uploads\/2021\/08\/210729Rathen99-1568x880.jpg 1568w\" sizes=\"(max-width: 1662px) 100vw, 1662px\" alt=\"\" \t\tclass=\"so-widget-image\"\/>\n\t\t\t<\/a><\/div>\n\n<\/div><\/div><div id=\"panel-2220-18-1-1\" class=\"so-panel widget widget_sow-editor panel-last-child\" data-index=\"34\" ><div\n\t\t\t\n\t\t\tclass=\"so-widget-sow-editor so-widget-sow-editor-base\"\n\t\t\t\n\t\t>\n<div class=\"siteorigin-widget-tinymce textwidget\">\n\t<p style=\"text-align: center; font-size: 18px;\">Der letzte Wagen am Platz. Gewappnet f\u00fcr die Ankunft der Stahlr\u00f6sser.<\/p>\n<\/div>\n<\/div><\/div><\/div><div id=\"pgc-2220-18-2\"  class=\"panel-grid-cell panel-grid-cell-empty\" ><\/div><\/div><div id=\"pg-2220-19\"  class=\"panel-grid panel-no-style\" ><div id=\"pgc-2220-19-0\"  class=\"panel-grid-cell\" ><div id=\"panel-2220-19-0-0\" class=\"so-panel widget widget_sow-editor panel-first-child panel-last-child\" data-index=\"35\" ><div\n\t\t\t\n\t\t\tclass=\"so-widget-sow-editor so-widget-sow-editor-base\"\n\t\t\t\n\t\t>\n<div class=\"siteorigin-widget-tinymce textwidget\">\n\t<p>Auch hier war ich wieder viel zu kurz in der Gegend. Es gibt hier noch so viel zu sehen und zu erwandern. Allein die Festung K\u00f6nigstein ist einen eigenen Tag Zeit wert. Ganz wie beim Anderswo Camp mache ich einen fixen Deal mit mir, dass ich zu gegebener Zeit noch einmal herkommen werde.<\/p>\n<p>Am n\u00e4chsten Tag schlage ich nun endg\u00fcltig den direkten Weg zur\u00fcck in's Ruhrgebiet ein. Die Pflicht ruft und ich darf nicht nein sagen. Also denn. Das werden alles Aktionen, die mit der Tour herzlich wenig zu tun haben aber mein Kasten wird weiterhin mein Zuhause bleiben. Von daher wird sich vielleicht die eine oder andere Gelegenheit f\u00fcr ein Update ergeben. Gehabt Euch wohl, bis dann!<\/p>\n<\/div>\n<\/div><\/div><\/div><\/div><\/div>","protected":false},"excerpt":{"rendered":"<p>2021-07-29 &#8211; Rathen, Elbf\u00e4hre &nbsp; &nbsp;<\/p>\n","protected":false},"author":1,"featured_media":2470,"comment_status":"closed","ping_status":"open","sticky":false,"template":"","format":"standard","meta":{"footnotes":""},"categories":[1,11],"tags":[],"class_list":["post-2220","post","type-post","status-publish","format-standard","has-post-thumbnail","hentry","category-allgemein","category-tour-2021","entry"],"_links":{"self":[{"href":"https:\/\/unterwegs-daheim.de\/wordpress\/wp-json\/wp\/v2\/posts\/2220","targetHints":{"allow":["GET"]}}],"collection":[{"href":"https:\/\/unterwegs-daheim.de\/wordpress\/wp-json\/wp\/v2\/posts"}],"about":[{"href":"https:\/\/unterwegs-daheim.de\/wordpress\/wp-json\/wp\/v2\/types\/post"}],"author":[{"embeddable":true,"href":"https:\/\/unterwegs-daheim.de\/wordpress\/wp-json\/wp\/v2\/users\/1"}],"replies":[{"embeddable":true,"href":"https:\/\/unterwegs-daheim.de\/wordpress\/wp-json\/wp\/v2\/comments?post=2220"}],"version-history":[{"count":175,"href":"https:\/\/unterwegs-daheim.de\/wordpress\/wp-json\/wp\/v2\/posts\/2220\/revisions"}],"predecessor-version":[{"id":2634,"href":"https:\/\/unterwegs-daheim.de\/wordpress\/wp-json\/wp\/v2\/posts\/2220\/revisions\/2634"}],"wp:featuredmedia":[{"embeddable":true,"href":"https:\/\/unterwegs-daheim.de\/wordpress\/wp-json\/wp\/v2\/media\/2470"}],"wp:attachment":[{"href":"https:\/\/unterwegs-daheim.de\/wordpress\/wp-json\/wp\/v2\/media?parent=2220"}],"wp:term":[{"taxonomy":"category","embeddable":true,"href":"https:\/\/unterwegs-daheim.de\/wordpress\/wp-json\/wp\/v2\/categories?post=2220"},{"taxonomy":"post_tag","embeddable":true,"href":"https:\/\/unterwegs-daheim.de\/wordpress\/wp-json\/wp\/v2\/tags?post=2220"}],"curies":[{"name":"wp","href":"https:\/\/api.w.org\/{rel}","templated":true}]}}